{"id":1333,"date":"2026-08-21T16:00:22","date_gmt":"2026-08-21T19:00:22","guid":{"rendered":"https:\/\/proyectoverde.com.ar\/?p=1333"},"modified":"2026-08-31T16:16:30","modified_gmt":"2026-08-31T19:16:30","slug":"el-ciclo-jardin-suena-se-desarrollara-de-septiembre-a-noviembre","status":"publish","type":"post","link":"https:\/\/proyectoverde.com.ar\/?p=1333","title":{"rendered":"El ciclo &#8220;Jard\u00edn Suena&#8221; se desarrollar\u00e1 de septiembre a noviembre"},"content":{"rendered":"La propuesta llevar\u00e1 m\u00fasica a su jard\u00edn andaluz a trav\u00e9s de <strong>conciertos en formatos \u00edntimos, pensados especialmente para dialogar con el entorno. <\/strong>La actividad estar\u00e1 <strong>incluida con la entrada al museo<\/strong>, con ingreso por orden de llegada y sin inscripci\u00f3n previa. No se suspende por lluvia.\r\n\r\nEn el jard\u00edn del Museo conviven especies centenarias con otras m\u00e1s j\u00f3venes; aut\u00f3ctonas con for\u00e1neas; humildes con sofisticadas. Ginkgo y omb\u00fa, ca\u00f1a y olivo, camelia y orqu\u00eddea. <strong>El Jard\u00edn Suena encontrar\u00e1 all\u00ed un punto de partida para reunir expresiones musicales diversas: folklore y electr\u00f3nica; jazz y exploraci\u00f3n sonora; canci\u00f3n popular y nuevas texturas.<\/strong> Un cat\u00e1logo sonoro, como el de un jard\u00edn bot\u00e1nico, en el que convivir\u00e1n est\u00e9ticas, generaciones y lenguajes.\r\n\r\n<strong>Programaci\u00f3n de Septiembre:<\/strong>\r\n\r\n<em>S\u00e1bado 5\/9, 17 h<\/em>\r\n<strong>Sami Abadi | Viol\u00edn &amp; Electr\u00f3nica<\/strong>\r\nRitmos globales\r\nSami Abadi se presentar\u00e1 como solista de viol\u00edn y looping, sumando su Tenori-On (instrumento electr\u00f3nico de interfaz lum\u00ednica) a sus t\u00e9cnicas instrumentales extendidas. Sus conciertos se caracterizan por una musicalidad universal que integra sonoridades orquestales, ambient, nuevas m\u00fasicas y ciertos colores orientales.\r\n\r\n<em>S\u00e1bado 12\/9, 17 h<\/em>\r\n<strong>Chechi de Marcos\u00a0<\/strong>\r\nRock y pop indie\r\nEl estilo de la cantautora argentina Chechi de Marcos se define como un pop indie de autor con fuertes ra\u00edces en el folk y el rock alternativo. Su propuesta se centra en reivindicar el formato canci\u00f3n a trav\u00e9s de una l\u00edrica transparente, \u00edntima y confesional.\r\n\r\n<em>S\u00e1bado 19\/9, 17 h<\/em>\r\n<strong>Clarazul<\/strong>\r\nCanciones \u00edntimas\r\nLa artista independiente argentina Clarazul tiene principalmente un estilo centrado en la m\u00fasica de autor, el funk y el pop alternativo, fusionando formatos \u00edntimos con ritmos grooveros. Sus presentaciones suelen estar guiadas por el formato de canci\u00f3n ac\u00fastica, priorizando la calidez vocal y letras expresivas.","protected":false},"excerpt":{"rendered":"<p>La propuesta llevar\u00e1 m\u00fasica a su jard\u00edn andaluz a trav\u00e9s de conciertos en formatos \u00edntimos, pensados especialmente para dialogar con el entorno. La actividad estar\u00e1 incluida con la entrada al museo, con ingreso por orden de llegada y sin inscripci\u00f3n previa. No se suspende por lluvia. En el jard\u00edn del Museo conviven especies centenarias con [&hellip;]<\/p>\n","protected":false},"author":1,"featured_media":0,"comment_status":"open","ping_status":"open","sticky":false,"template":"","format":"standard","meta":{"footnotes":""},"categories":[7],"tags":[],"yoast_head":"<!-- This site is optimized with the Yoast SEO plugin v21.7 - https:\/\/yoast.com\/wordpress\/plugins\/seo\/ -->\n<title>El ciclo &quot;Jard\u00edn Suena&quot; se desarrollar\u00e1 de septiembre a noviembre - Proyecto Verde<\/title>\n<meta name=\"robots\" content=\"index, follow, max-snippet:-1, max-image-preview:large, max-video-preview:-1\" \/>\n<link rel=\"canonical\" href=\"https:\/\/proyectoverde.com.ar\/?p=1333\" \/>\n<meta property=\"og:locale\" content=\"es_ES\" \/>\n<meta property=\"og:type\" content=\"article\" \/>\n<meta property=\"og:title\" content=\"El ciclo &quot;Jard\u00edn Suena&quot; se desarrollar\u00e1 de septiembre a noviembre - Proyecto Verde\" \/>\n<meta property=\"og:description\" content=\"La propuesta llevar\u00e1 m\u00fasica a su jard\u00edn andaluz a trav\u00e9s de conciertos en formatos \u00edntimos, pensados especialmente para dialogar con el entorno. La actividad estar\u00e1 incluida con la entrada al museo, con ingreso por orden de llegada y sin inscripci\u00f3n previa. No se suspende por lluvia. En el jard\u00edn del Museo conviven especies centenarias con [&hellip;]\" \/>\n<meta property=\"og:url\" content=\"https:\/\/proyectoverde.com.ar\/?p=1333\" \/>\n<meta property=\"og:site_name\" content=\"Proyecto Verde\" \/>\n<meta property=\"article:published_time\" content=\"2026-08-21T19:00:22+00:00\" \/>\n<meta property=\"article:modified_time\" content=\"2026-08-31T19:16:30+00:00\" \/>\n<meta name=\"author\" content=\"Webmaster\" \/>\n<meta name=\"twitter:card\" content=\"summary_large_image\" \/>\n<meta name=\"twitter:label1\" content=\"Written by\" \/>\n\t<meta name=\"twitter:data1\" content=\"Webmaster\" \/>\n\t<meta name=\"twitter:label2\" content=\"Est. reading time\" \/>\n\t<meta name=\"twitter:data2\" content=\"2 minutos\" \/>\n<script type=\"application\/ld+json\" class=\"yoast-schema-graph\">{\"@context\":\"https:\/\/schema.org\",\"@graph\":[{\"@type\":\"WebPage\",\"@id\":\"https:\/\/proyectoverde.com.ar\/?p=1333\",\"url\":\"https:\/\/proyectoverde.com.ar\/?p=1333\",\"name\":\"El ciclo \\\"Jard\u00edn Suena\\\" se desarrollar\u00e1 de septiembre a noviembre - Proyecto Verde\",\"isPartOf\":{\"@id\":\"https:\/\/proyectoverde.com.ar\/#website\"},\"datePublished\":\"2026-08-21T19:00:22+00:00\",\"dateModified\":\"2026-08-31T19:16:30+00:00\",\"author\":{\"@id\":\"https:\/\/proyectoverde.com.ar\/#\/schema\/person\/d8ca47b026f0662fca9f264b6e3d2bab\"},\"breadcrumb\":{\"@id\":\"https:\/\/proyectoverde.com.ar\/?p=1333#breadcrumb\"},\"inLanguage\":\"es-AR\",\"potentialAction\":[{\"@type\":\"ReadAction\",\"target\":[\"https:\/\/proyectoverde.com.ar\/?p=1333\"]}]},{\"@type\":\"BreadcrumbList\",\"@id\":\"https:\/\/proyectoverde.com.ar\/?p=1333#breadcrumb\",\"itemListElement\":[{\"@type\":\"ListItem\",\"position\":1,\"name\":\"Home\",\"item\":\"https:\/\/proyectoverde.com.ar\/\"},{\"@type\":\"ListItem\",\"position\":2,\"name\":\"El ciclo &#8220;Jard\u00edn Suena&#8221; se desarrollar\u00e1 de septiembre a noviembre\"}]},{\"@type\":\"WebSite\",\"@id\":\"https:\/\/proyectoverde.com.ar\/#website\",\"url\":\"https:\/\/proyectoverde.com.ar\/\",\"name\":\"Proyecto Verde\",\"description\":\"\",\"potentialAction\":[{\"@type\":\"SearchAction\",\"target\":{\"@type\":\"EntryPoint\",\"urlTemplate\":\"https:\/\/proyectoverde.com.ar\/?s={search_term_string}\"},\"query-input\":\"required name=search_term_string\"}],\"inLanguage\":\"es-AR\"},{\"@type\":\"Person\",\"@id\":\"https:\/\/proyectoverde.com.ar\/#\/schema\/person\/d8ca47b026f0662fca9f264b6e3d2bab\",\"name\":\"Webmaster\",\"image\":{\"@type\":\"ImageObject\",\"inLanguage\":\"es-AR\",\"@id\":\"https:\/\/proyectoverde.com.ar\/#\/schema\/person\/image\/\",\"url\":\"https:\/\/secure.gravatar.com\/avatar\/2ce904520ddfd6f42c53302865240954?s=96&d=mm&r=g\",\"contentUrl\":\"https:\/\/secure.gravatar.com\/avatar\/2ce904520ddfd6f42c53302865240954?s=96&d=mm&r=g\",\"caption\":\"Webmaster\"},\"sameAs\":[\"https:\/\/proyectoverde.com.ar\"],\"url\":\"https:\/\/proyectoverde.com.ar\/?author=1\"}]}<\/script>\n<!-- \/ Yoast SEO plugin. -->","yoast_head_json":{"title":"El ciclo \"Jard\u00edn Suena\" se desarrollar\u00e1 de septiembre a noviembre - Proyecto Verde","robots":{"index":"index","follow":"follow","max-snippet":"max-snippet:-1","max-image-preview":"max-image-preview:large","max-video-preview":"max-video-preview:-1"},"canonical":"https:\/\/proyectoverde.com.ar\/?p=1333","og_locale":"es_ES","og_type":"article","og_title":"El ciclo \"Jard\u00edn Suena\" se desarrollar\u00e1 de septiembre a noviembre - Proyecto Verde","og_description":"La propuesta llevar\u00e1 m\u00fasica a su jard\u00edn andaluz a trav\u00e9s de conciertos en formatos \u00edntimos, pensados especialmente para dialogar con el entorno. La actividad estar\u00e1 incluida con la entrada al museo, con ingreso por orden de llegada y sin inscripci\u00f3n previa. No se suspende por lluvia. En el jard\u00edn del Museo conviven especies centenarias con [&hellip;]","og_url":"https:\/\/proyectoverde.com.ar\/?p=1333","og_site_name":"Proyecto Verde","article_published_time":"2026-08-21T19:00:22+00:00","article_modified_time":"2026-08-31T19:16:30+00:00","author":"Webmaster","twitter_card":"summary_large_image","twitter_misc":{"Written by":"Webmaster","Est. reading time":"2 minutos"},"schema":{"@context":"https:\/\/schema.org","@graph":[{"@type":"WebPage","@id":"https:\/\/proyectoverde.com.ar\/?p=1333","url":"https:\/\/proyectoverde.com.ar\/?p=1333","name":"El ciclo \"Jard\u00edn Suena\" se desarrollar\u00e1 de septiembre a noviembre - Proyecto Verde","isPartOf":{"@id":"https:\/\/proyectoverde.com.ar\/#website"},"datePublished":"2026-08-21T19:00:22+00:00","dateModified":"2026-08-31T19:16:30+00:00","author":{"@id":"https:\/\/proyectoverde.com.ar\/#\/schema\/person\/d8ca47b026f0662fca9f264b6e3d2bab"},"breadcrumb":{"@id":"https:\/\/proyectoverde.com.ar\/?p=1333#breadcrumb"},"inLanguage":"es-AR","potentialAction":[{"@type":"ReadAction","target":["https:\/\/proyectoverde.com.ar\/?p=1333"]}]},{"@type":"BreadcrumbList","@id":"https:\/\/proyectoverde.com.ar\/?p=1333#breadcrumb","itemListElement":[{"@type":"ListItem","position":1,"name":"Home","item":"https:\/\/proyectoverde.com.ar\/"},{"@type":"ListItem","position":2,"name":"El ciclo &#8220;Jard\u00edn Suena&#8221; se desarrollar\u00e1 de septiembre a noviembre"}]},{"@type":"WebSite","@id":"https:\/\/proyectoverde.com.ar\/#website","url":"https:\/\/proyectoverde.com.ar\/","name":"Proyecto Verde","description":"","potentialAction":[{"@type":"SearchAction","target":{"@type":"EntryPoint","urlTemplate":"https:\/\/proyectoverde.com.ar\/?s={search_term_string}"},"query-input":"required name=search_term_string"}],"inLanguage":"es-AR"},{"@type":"Person","@id":"https:\/\/proyectoverde.com.ar\/#\/schema\/person\/d8ca47b026f0662fca9f264b6e3d2bab","name":"Webmaster","image":{"@type":"ImageObject","inLanguage":"es-AR","@id":"https:\/\/proyectoverde.com.ar\/#\/schema\/person\/image\/","url":"https:\/\/secure.gravatar.com\/avatar\/2ce904520ddfd6f42c53302865240954?s=96&d=mm&r=g","contentUrl":"https:\/\/secure.gravatar.com\/avatar\/2ce904520ddfd6f42c53302865240954?s=96&d=mm&r=g","caption":"Webmaster"},"sameAs":["https:\/\/proyectoverde.com.ar"],"url":"https:\/\/proyectoverde.com.ar\/?author=1"}]}},"_links":{"self":[{"href":"https:\/\/proyectoverde.com.ar\/index.php?rest_route=\/wp\/v2\/posts\/1333"}],"collection":[{"href":"https:\/\/proyectoverde.com.ar\/index.php?rest_route=\/wp\/v2\/posts"}],"about":[{"href":"https:\/\/proyectoverde.com.ar\/index.php?rest_route=\/wp\/v2\/types\/post"}],"author":[{"embeddable":true,"href":"https:\/\/proyectoverde.com.ar\/index.php?rest_route=\/wp\/v2\/users\/1"}],"replies":[{"embeddable":true,"href":"https:\/\/proyectoverde.com.ar\/index.php?rest_route=%2Fwp%2Fv2%2Fcomments&post=1333"}],"version-history":[{"count":1,"href":"https:\/\/proyectoverde.com.ar\/index.php?rest_route=\/wp\/v2\/posts\/1333\/revisions"}],"predecessor-version":[{"id":1334,"href":"https:\/\/proyectoverde.com.ar\/index.php?rest_route=\/wp\/v2\/posts\/1333\/revisions\/1334"}],"wp:attachment":[{"href":"https:\/\/proyectoverde.com.ar\/index.php?rest_route=%2Fwp%2Fv2%2Fmedia&parent=1333"}],"wp:term":[{"taxonomy":"category","embeddable":true,"href":"https:\/\/proyectoverde.com.ar\/index.php?rest_route=%2Fwp%2Fv2%2Fcategories&post=1333"},{"taxonomy":"post_tag","embeddable":true,"href":"https:\/\/proyectoverde.com.ar\/index.php?rest_route=%2Fwp%2Fv2%2Ftags&post=1333"}],"curies":[{"name":"wp","href":"https:\/\/api.w.org\/{rel}","templated":true}]}}