{"id":1331,"date":"2026-08-19T16:00:18","date_gmt":"2026-08-19T19:00:18","guid":{"rendered":"https:\/\/proyectoverde.com.ar\/?p=1331"},"modified":"2026-08-31T16:13:53","modified_gmt":"2026-08-31T19:13:53","slug":"la-agenda-de-la-semana-del-arbol-en-la-ciudad","status":"publish","type":"post","link":"https:\/\/proyectoverde.com.ar\/?p=1331","title":{"rendered":"La agenda de la Semana del \u00c1rbol en la Ciudad"},"content":{"rendered":"La agenda de la Semana del \u00c1rbol comenz\u00f3 con un recorrido educativo por el Jard\u00edn Bot\u00e1nico Lucien Hauman, ubicado en la Facultad de Agronom\u00eda de la Universidad de Buenos Aires (FAUBA). La propuesta reuni\u00f3 a alumnos de s\u00e9ptimo grado de la Escuela N\u00ba 22 de Agronom\u00eda, quienes pudieron recorrer este espacio, reconocer distintas especies y observar sus hojas, flores, frutos, formas y caracter\u00edsticas.\r\n\r\nLa agenda tambi\u00e9n incluy\u00f3 una jornada de plantaci\u00f3n junto a alumnos de la Escuela Primaria Com\u00fan N\u00ba 2 \u201cJuan Larrea\u201d, en la Comuna 2, y una charla virtual para docentes titulada \u201cComprender c\u00f3mo crece un \u00e1rbol es el primer paso para protegerlo\u201d.\r\n\r\nAdem\u00e1s, se realizaron nuevas plantaciones en distintas comunas y un recorrido por el parque Barrancas de Belgrano junto a alumnos de la Escuela Normal Superior N\u00ba 10 D.E. 10, quienes pudieron conocer las caracter\u00edsticas y el valor ambiental de este espacio verde.\r\n\r\nLa Semana del \u00c1rbol fue organizada por la Secretar\u00eda de Gobierno y V\u00ednculo Ciudadano de la Ciudad, a trav\u00e9s de la Direcci\u00f3n General de Arbolado, en el marco de las acciones destinadas al mantenimiento y preservaci\u00f3n del patrimonio verde porte\u00f1o.\r\n\r\nA trav\u00e9s de estas iniciativas, la Ciudad contin\u00faa promoviendo el conocimiento y la valoraci\u00f3n del arbolado p\u00fablico, fundamental para mejorar la calidad de vida de los vecinos, moderar las temperaturas, brindar sombra, favorecer la biodiversidad y mejorar las condiciones de los espacios p\u00fablicos.","protected":false},"excerpt":{"rendered":"<p>La agenda de la Semana del \u00c1rbol comenz\u00f3 con un recorrido educativo por el Jard\u00edn Bot\u00e1nico Lucien Hauman, ubicado en la Facultad de Agronom\u00eda de la Universidad de Buenos Aires (FAUBA). La propuesta reuni\u00f3 a alumnos de s\u00e9ptimo grado de la Escuela N\u00ba 22 de Agronom\u00eda, quienes pudieron recorrer este espacio, reconocer distintas especies y [&hellip;]<\/p>\n","protected":false},"author":1,"featured_media":0,"comment_status":"open","ping_status":"open","sticky":false,"template":"","format":"standard","meta":{"footnotes":""},"categories":[7],"tags":[],"yoast_head":"<!-- This site is optimized with the Yoast SEO plugin v21.7 - https:\/\/yoast.com\/wordpress\/plugins\/seo\/ -->\n<title>La agenda de la Semana del \u00c1rbol en la Ciudad - Proyecto Verde<\/title>\n<meta name=\"robots\" content=\"index, follow, max-snippet:-1, max-image-preview:large, max-video-preview:-1\" \/>\n<link rel=\"canonical\" href=\"https:\/\/proyectoverde.com.ar\/?p=1331\" \/>\n<meta property=\"og:locale\" content=\"es_ES\" \/>\n<meta property=\"og:type\" content=\"article\" \/>\n<meta property=\"og:title\" content=\"La agenda de la Semana del \u00c1rbol en la Ciudad - Proyecto Verde\" \/>\n<meta property=\"og:description\" content=\"La agenda de la Semana del \u00c1rbol comenz\u00f3 con un recorrido educativo por el Jard\u00edn Bot\u00e1nico Lucien Hauman, ubicado en la Facultad de Agronom\u00eda de la Universidad de Buenos Aires (FAUBA). La propuesta reuni\u00f3 a alumnos de s\u00e9ptimo grado de la Escuela N\u00ba 22 de Agronom\u00eda, quienes pudieron recorrer este espacio, reconocer distintas especies y [&hellip;]\" \/>\n<meta property=\"og:url\" content=\"https:\/\/proyectoverde.com.ar\/?p=1331\" \/>\n<meta property=\"og:site_name\" content=\"Proyecto Verde\" \/>\n<meta property=\"article:published_time\" content=\"2026-08-19T19:00:18+00:00\" \/>\n<meta property=\"article:modified_time\" content=\"2026-08-31T19:13:53+00:00\" \/>\n<meta name=\"author\" content=\"Webmaster\" \/>\n<meta name=\"twitter:card\" content=\"summary_large_image\" \/>\n<meta name=\"twitter:label1\" content=\"Written by\" \/>\n\t<meta name=\"twitter:data1\" content=\"Webmaster\" \/>\n\t<meta name=\"twitter:label2\" content=\"Est. reading time\" \/>\n\t<meta name=\"twitter:data2\" content=\"2 minutos\" \/>\n<script type=\"application\/ld+json\" class=\"yoast-schema-graph\">{\"@context\":\"https:\/\/schema.org\",\"@graph\":[{\"@type\":\"WebPage\",\"@id\":\"https:\/\/proyectoverde.com.ar\/?p=1331\",\"url\":\"https:\/\/proyectoverde.com.ar\/?p=1331\",\"name\":\"La agenda de la Semana del \u00c1rbol en la Ciudad - Proyecto Verde\",\"isPartOf\":{\"@id\":\"https:\/\/proyectoverde.com.ar\/#website\"},\"datePublished\":\"2026-08-19T19:00:18+00:00\",\"dateModified\":\"2026-08-31T19:13:53+00:00\",\"author\":{\"@id\":\"https:\/\/proyectoverde.com.ar\/#\/schema\/person\/d8ca47b026f0662fca9f264b6e3d2bab\"},\"breadcrumb\":{\"@id\":\"https:\/\/proyectoverde.com.ar\/?p=1331#breadcrumb\"},\"inLanguage\":\"es-AR\",\"potentialAction\":[{\"@type\":\"ReadAction\",\"target\":[\"https:\/\/proyectoverde.com.ar\/?p=1331\"]}]},{\"@type\":\"BreadcrumbList\",\"@id\":\"https:\/\/proyectoverde.com.ar\/?p=1331#breadcrumb\",\"itemListElement\":[{\"@type\":\"ListItem\",\"position\":1,\"name\":\"Home\",\"item\":\"https:\/\/proyectoverde.com.ar\/\"},{\"@type\":\"ListItem\",\"position\":2,\"name\":\"La agenda de la Semana del \u00c1rbol en la Ciudad\"}]},{\"@type\":\"WebSite\",\"@id\":\"https:\/\/proyectoverde.com.ar\/#website\",\"url\":\"https:\/\/proyectoverde.com.ar\/\",\"name\":\"Proyecto Verde\",\"description\":\"\",\"potentialAction\":[{\"@type\":\"SearchAction\",\"target\":{\"@type\":\"EntryPoint\",\"urlTemplate\":\"https:\/\/proyectoverde.com.ar\/?s={search_term_string}\"},\"query-input\":\"required name=search_term_string\"}],\"inLanguage\":\"es-AR\"},{\"@type\":\"Person\",\"@id\":\"https:\/\/proyectoverde.com.ar\/#\/schema\/person\/d8ca47b026f0662fca9f264b6e3d2bab\",\"name\":\"Webmaster\",\"image\":{\"@type\":\"ImageObject\",\"inLanguage\":\"es-AR\",\"@id\":\"https:\/\/proyectoverde.com.ar\/#\/schema\/person\/image\/\",\"url\":\"https:\/\/secure.gravatar.com\/avatar\/2ce904520ddfd6f42c53302865240954?s=96&d=mm&r=g\",\"contentUrl\":\"https:\/\/secure.gravatar.com\/avatar\/2ce904520ddfd6f42c53302865240954?s=96&d=mm&r=g\",\"caption\":\"Webmaster\"},\"sameAs\":[\"https:\/\/proyectoverde.com.ar\"],\"url\":\"https:\/\/proyectoverde.com.ar\/?author=1\"}]}<\/script>\n<!-- \/ Yoast SEO plugin. -->","yoast_head_json":{"title":"La agenda de la Semana del \u00c1rbol en la Ciudad - Proyecto Verde","robots":{"index":"index","follow":"follow","max-snippet":"max-snippet:-1","max-image-preview":"max-image-preview:large","max-video-preview":"max-video-preview:-1"},"canonical":"https:\/\/proyectoverde.com.ar\/?p=1331","og_locale":"es_ES","og_type":"article","og_title":"La agenda de la Semana del \u00c1rbol en la Ciudad - Proyecto Verde","og_description":"La agenda de la Semana del \u00c1rbol comenz\u00f3 con un recorrido educativo por el Jard\u00edn Bot\u00e1nico Lucien Hauman, ubicado en la Facultad de Agronom\u00eda de la Universidad de Buenos Aires (FAUBA). La propuesta reuni\u00f3 a alumnos de s\u00e9ptimo grado de la Escuela N\u00ba 22 de Agronom\u00eda, quienes pudieron recorrer este espacio, reconocer distintas especies y [&hellip;]","og_url":"https:\/\/proyectoverde.com.ar\/?p=1331","og_site_name":"Proyecto Verde","article_published_time":"2026-08-19T19:00:18+00:00","article_modified_time":"2026-08-31T19:13:53+00:00","author":"Webmaster","twitter_card":"summary_large_image","twitter_misc":{"Written by":"Webmaster","Est. reading time":"2 minutos"},"schema":{"@context":"https:\/\/schema.org","@graph":[{"@type":"WebPage","@id":"https:\/\/proyectoverde.com.ar\/?p=1331","url":"https:\/\/proyectoverde.com.ar\/?p=1331","name":"La agenda de la Semana del \u00c1rbol en la Ciudad - Proyecto Verde","isPartOf":{"@id":"https:\/\/proyectoverde.com.ar\/#website"},"datePublished":"2026-08-19T19:00:18+00:00","dateModified":"2026-08-31T19:13:53+00:00","author":{"@id":"https:\/\/proyectoverde.com.ar\/#\/schema\/person\/d8ca47b026f0662fca9f264b6e3d2bab"},"breadcrumb":{"@id":"https:\/\/proyectoverde.com.ar\/?p=1331#breadcrumb"},"inLanguage":"es-AR","potentialAction":[{"@type":"ReadAction","target":["https:\/\/proyectoverde.com.ar\/?p=1331"]}]},{"@type":"BreadcrumbList","@id":"https:\/\/proyectoverde.com.ar\/?p=1331#breadcrumb","itemListElement":[{"@type":"ListItem","position":1,"name":"Home","item":"https:\/\/proyectoverde.com.ar\/"},{"@type":"ListItem","position":2,"name":"La agenda de la Semana del \u00c1rbol en la Ciudad"}]},{"@type":"WebSite","@id":"https:\/\/proyectoverde.com.ar\/#website","url":"https:\/\/proyectoverde.com.ar\/","name":"Proyecto Verde","description":"","potentialAction":[{"@type":"SearchAction","target":{"@type":"EntryPoint","urlTemplate":"https:\/\/proyectoverde.com.ar\/?s={search_term_string}"},"query-input":"required name=search_term_string"}],"inLanguage":"es-AR"},{"@type":"Person","@id":"https:\/\/proyectoverde.com.ar\/#\/schema\/person\/d8ca47b026f0662fca9f264b6e3d2bab","name":"Webmaster","image":{"@type":"ImageObject","inLanguage":"es-AR","@id":"https:\/\/proyectoverde.com.ar\/#\/schema\/person\/image\/","url":"https:\/\/secure.gravatar.com\/avatar\/2ce904520ddfd6f42c53302865240954?s=96&d=mm&r=g","contentUrl":"https:\/\/secure.gravatar.com\/avatar\/2ce904520ddfd6f42c53302865240954?s=96&d=mm&r=g","caption":"Webmaster"},"sameAs":["https:\/\/proyectoverde.com.ar"],"url":"https:\/\/proyectoverde.com.ar\/?author=1"}]}},"_links":{"self":[{"href":"https:\/\/proyectoverde.com.ar\/index.php?rest_route=\/wp\/v2\/posts\/1331"}],"collection":[{"href":"https:\/\/proyectoverde.com.ar\/index.php?rest_route=\/wp\/v2\/posts"}],"about":[{"href":"https:\/\/proyectoverde.com.ar\/index.php?rest_route=\/wp\/v2\/types\/post"}],"author":[{"embeddable":true,"href":"https:\/\/proyectoverde.com.ar\/index.php?rest_route=\/wp\/v2\/users\/1"}],"replies":[{"embeddable":true,"href":"https:\/\/proyectoverde.com.ar\/index.php?rest_route=%2Fwp%2Fv2%2Fcomments&post=1331"}],"version-history":[{"count":1,"href":"https:\/\/proyectoverde.com.ar\/index.php?rest_route=\/wp\/v2\/posts\/1331\/revisions"}],"predecessor-version":[{"id":1332,"href":"https:\/\/proyectoverde.com.ar\/index.php?rest_route=\/wp\/v2\/posts\/1331\/revisions\/1332"}],"wp:attachment":[{"href":"https:\/\/proyectoverde.com.ar\/index.php?rest_route=%2Fwp%2Fv2%2Fmedia&parent=1331"}],"wp:term":[{"taxonomy":"category","embeddable":true,"href":"https:\/\/proyectoverde.com.ar\/index.php?rest_route=%2Fwp%2Fv2%2Fcategories&post=1331"},{"taxonomy":"post_tag","embeddable":true,"href":"https:\/\/proyectoverde.com.ar\/index.php?rest_route=%2Fwp%2Fv2%2Ftags&post=1331"}],"curies":[{"name":"wp","href":"https:\/\/api.w.org\/{rel}","templated":true}]}}