{"id":1329,"date":"2026-08-17T16:00:35","date_gmt":"2026-08-17T19:00:35","guid":{"rendered":"https:\/\/proyectoverde.com.ar\/?p=1329"},"modified":"2026-08-31T16:12:57","modified_gmt":"2026-08-31T19:12:57","slug":"la-semana-del-arbol-cerro-con-plantaciones-y-una-jornada-educativa-en-el-vivero-de-la-ciudad","status":"publish","type":"post","link":"https:\/\/proyectoverde.com.ar\/?p=1329","title":{"rendered":"La Semana del \u00c1rbol cerr\u00f3 con plantaciones y una jornada educativa en el Vivero de la Ciudad"},"content":{"rendered":"La Ciudad celebr\u00f3 una <strong>nueva edici\u00f3n de la Semana del \u00c1rbol<\/strong> con una agenda de actividades desarrollada entre el 19 y el 28 de agosto. Durante esos d\u00edas, escuelas, especialistas e instituciones participaron de plantaciones, recorridos educativos y charlas destinadas a promover el conocimiento, el cuidado y la preservaci\u00f3n del arbolado porte\u00f1o.\r\n\r\nEl jueves 28 de agosto se llevaron a cabo las \u00faltimas actividades de esta edici\u00f3n 2026 de la Semana del \u00c1rbol, con nuevas jornadas destinadas a acercar a los vecinos y a la comunidad educativa al conocimiento y cuidado del patrimonio verde de la Ciudad.\r\n\r\nDurante el comienzo de la jornada se realizaron <strong>plantaciones de \u00e1rboles en la Comuna 3<\/strong>, junto a alumnos de la Escuela E.P.C. N\u00b0 7 D.E. 6 \"Olegario V\u00edctor Andrade\u201d <strong>y en la Comuna 11<\/strong>, con alumnos del Jard\u00edn Antonio Berni.\r\n\r\nAsimismo, el Vivero de la Ciudad recibi\u00f3 a distintos grupos de alumnos de escuelas porte\u00f1as para compartir una <strong>charla informativa sobre las nociones elementales del arbolado urbano<\/strong>. Durante la jornada se abordaron temas vinculados con el proceso productivo de los \u00e1rboles, sus ciclos biol\u00f3gicos, los cuidados necesarios, la diversidad de especies y el valor del arbolado p\u00fablico en las ciudades.\r\n\r\nLa visita tambi\u00e9n incluy\u00f3 un recorrido guiado por el vivero, actividades de plantaci\u00f3n y siembra, y la posibilidad de que cada participante se llevara un plant\u00edn a su casa para continuar, desde su propio entorno, el v\u00ednculo con la naturaleza y el cuidado de los \u00e1rboles.","protected":false},"excerpt":{"rendered":"<p>La Ciudad celebr\u00f3 una nueva edici\u00f3n de la Semana del \u00c1rbol con una agenda de actividades desarrollada entre el 19 y el 28 de agosto. Durante esos d\u00edas, escuelas, especialistas e instituciones participaron de plantaciones, recorridos educativos y charlas destinadas a promover el conocimiento, el cuidado y la preservaci\u00f3n del arbolado porte\u00f1o. El jueves 28 [&hellip;]<\/p>\n","protected":false},"author":1,"featured_media":0,"comment_status":"open","ping_status":"open","sticky":false,"template":"","format":"standard","meta":{"footnotes":""},"categories":[7],"tags":[],"yoast_head":"<!-- This site is optimized with the Yoast SEO plugin v21.7 - https:\/\/yoast.com\/wordpress\/plugins\/seo\/ -->\n<title>La Semana del \u00c1rbol cerr\u00f3 con plantaciones y una jornada educativa en el Vivero de la Ciudad - Proyecto Verde<\/title>\n<meta name=\"robots\" content=\"index, follow, max-snippet:-1, max-image-preview:large, max-video-preview:-1\" \/>\n<link rel=\"canonical\" href=\"https:\/\/proyectoverde.com.ar\/?p=1329\" \/>\n<meta property=\"og:locale\" content=\"es_ES\" \/>\n<meta property=\"og:type\" content=\"article\" \/>\n<meta property=\"og:title\" content=\"La Semana del \u00c1rbol cerr\u00f3 con plantaciones y una jornada educativa en el Vivero de la Ciudad - Proyecto Verde\" \/>\n<meta property=\"og:description\" content=\"La Ciudad celebr\u00f3 una nueva edici\u00f3n de la Semana del \u00c1rbol con una agenda de actividades desarrollada entre el 19 y el 28 de agosto. Durante esos d\u00edas, escuelas, especialistas e instituciones participaron de plantaciones, recorridos educativos y charlas destinadas a promover el conocimiento, el cuidado y la preservaci\u00f3n del arbolado porte\u00f1o. El jueves 28 [&hellip;]\" \/>\n<meta property=\"og:url\" content=\"https:\/\/proyectoverde.com.ar\/?p=1329\" \/>\n<meta property=\"og:site_name\" content=\"Proyecto Verde\" \/>\n<meta property=\"article:published_time\" content=\"2026-08-17T19:00:35+00:00\" \/>\n<meta property=\"article:modified_time\" content=\"2026-08-31T19:12:57+00:00\" \/>\n<meta name=\"author\" content=\"Webmaster\" \/>\n<meta name=\"twitter:card\" content=\"summary_large_image\" \/>\n<meta name=\"twitter:label1\" content=\"Written by\" \/>\n\t<meta name=\"twitter:data1\" content=\"Webmaster\" \/>\n\t<meta name=\"twitter:label2\" content=\"Est. reading time\" \/>\n\t<meta name=\"twitter:data2\" content=\"1 minuto\" \/>\n<script type=\"application\/ld+json\" class=\"yoast-schema-graph\">{\"@context\":\"https:\/\/schema.org\",\"@graph\":[{\"@type\":\"WebPage\",\"@id\":\"https:\/\/proyectoverde.com.ar\/?p=1329\",\"url\":\"https:\/\/proyectoverde.com.ar\/?p=1329\",\"name\":\"La Semana del \u00c1rbol cerr\u00f3 con plantaciones y una jornada educativa en el Vivero de la Ciudad - Proyecto Verde\",\"isPartOf\":{\"@id\":\"https:\/\/proyectoverde.com.ar\/#website\"},\"datePublished\":\"2026-08-17T19:00:35+00:00\",\"dateModified\":\"2026-08-31T19:12:57+00:00\",\"author\":{\"@id\":\"https:\/\/proyectoverde.com.ar\/#\/schema\/person\/d8ca47b026f0662fca9f264b6e3d2bab\"},\"breadcrumb\":{\"@id\":\"https:\/\/proyectoverde.com.ar\/?p=1329#breadcrumb\"},\"inLanguage\":\"es-AR\",\"potentialAction\":[{\"@type\":\"ReadAction\",\"target\":[\"https:\/\/proyectoverde.com.ar\/?p=1329\"]}]},{\"@type\":\"BreadcrumbList\",\"@id\":\"https:\/\/proyectoverde.com.ar\/?p=1329#breadcrumb\",\"itemListElement\":[{\"@type\":\"ListItem\",\"position\":1,\"name\":\"Home\",\"item\":\"https:\/\/proyectoverde.com.ar\/\"},{\"@type\":\"ListItem\",\"position\":2,\"name\":\"La Semana del \u00c1rbol cerr\u00f3 con plantaciones y una jornada educativa en el Vivero de la Ciudad\"}]},{\"@type\":\"WebSite\",\"@id\":\"https:\/\/proyectoverde.com.ar\/#website\",\"url\":\"https:\/\/proyectoverde.com.ar\/\",\"name\":\"Proyecto Verde\",\"description\":\"\",\"potentialAction\":[{\"@type\":\"SearchAction\",\"target\":{\"@type\":\"EntryPoint\",\"urlTemplate\":\"https:\/\/proyectoverde.com.ar\/?s={search_term_string}\"},\"query-input\":\"required name=search_term_string\"}],\"inLanguage\":\"es-AR\"},{\"@type\":\"Person\",\"@id\":\"https:\/\/proyectoverde.com.ar\/#\/schema\/person\/d8ca47b026f0662fca9f264b6e3d2bab\",\"name\":\"Webmaster\",\"image\":{\"@type\":\"ImageObject\",\"inLanguage\":\"es-AR\",\"@id\":\"https:\/\/proyectoverde.com.ar\/#\/schema\/person\/image\/\",\"url\":\"https:\/\/secure.gravatar.com\/avatar\/2ce904520ddfd6f42c53302865240954?s=96&d=mm&r=g\",\"contentUrl\":\"https:\/\/secure.gravatar.com\/avatar\/2ce904520ddfd6f42c53302865240954?s=96&d=mm&r=g\",\"caption\":\"Webmaster\"},\"sameAs\":[\"https:\/\/proyectoverde.com.ar\"],\"url\":\"https:\/\/proyectoverde.com.ar\/?author=1\"}]}<\/script>\n<!-- \/ Yoast SEO plugin. -->","yoast_head_json":{"title":"La Semana del \u00c1rbol cerr\u00f3 con plantaciones y una jornada educativa en el Vivero de la Ciudad - Proyecto Verde","robots":{"index":"index","follow":"follow","max-snippet":"max-snippet:-1","max-image-preview":"max-image-preview:large","max-video-preview":"max-video-preview:-1"},"canonical":"https:\/\/proyectoverde.com.ar\/?p=1329","og_locale":"es_ES","og_type":"article","og_title":"La Semana del \u00c1rbol cerr\u00f3 con plantaciones y una jornada educativa en el Vivero de la Ciudad - Proyecto Verde","og_description":"La Ciudad celebr\u00f3 una nueva edici\u00f3n de la Semana del \u00c1rbol con una agenda de actividades desarrollada entre el 19 y el 28 de agosto. Durante esos d\u00edas, escuelas, especialistas e instituciones participaron de plantaciones, recorridos educativos y charlas destinadas a promover el conocimiento, el cuidado y la preservaci\u00f3n del arbolado porte\u00f1o. El jueves 28 [&hellip;]","og_url":"https:\/\/proyectoverde.com.ar\/?p=1329","og_site_name":"Proyecto Verde","article_published_time":"2026-08-17T19:00:35+00:00","article_modified_time":"2026-08-31T19:12:57+00:00","author":"Webmaster","twitter_card":"summary_large_image","twitter_misc":{"Written by":"Webmaster","Est. reading time":"1 minuto"},"schema":{"@context":"https:\/\/schema.org","@graph":[{"@type":"WebPage","@id":"https:\/\/proyectoverde.com.ar\/?p=1329","url":"https:\/\/proyectoverde.com.ar\/?p=1329","name":"La Semana del \u00c1rbol cerr\u00f3 con plantaciones y una jornada educativa en el Vivero de la Ciudad - Proyecto Verde","isPartOf":{"@id":"https:\/\/proyectoverde.com.ar\/#website"},"datePublished":"2026-08-17T19:00:35+00:00","dateModified":"2026-08-31T19:12:57+00:00","author":{"@id":"https:\/\/proyectoverde.com.ar\/#\/schema\/person\/d8ca47b026f0662fca9f264b6e3d2bab"},"breadcrumb":{"@id":"https:\/\/proyectoverde.com.ar\/?p=1329#breadcrumb"},"inLanguage":"es-AR","potentialAction":[{"@type":"ReadAction","target":["https:\/\/proyectoverde.com.ar\/?p=1329"]}]},{"@type":"BreadcrumbList","@id":"https:\/\/proyectoverde.com.ar\/?p=1329#breadcrumb","itemListElement":[{"@type":"ListItem","position":1,"name":"Home","item":"https:\/\/proyectoverde.com.ar\/"},{"@type":"ListItem","position":2,"name":"La Semana del \u00c1rbol cerr\u00f3 con plantaciones y una jornada educativa en el Vivero de la Ciudad"}]},{"@type":"WebSite","@id":"https:\/\/proyectoverde.com.ar\/#website","url":"https:\/\/proyectoverde.com.ar\/","name":"Proyecto Verde","description":"","potentialAction":[{"@type":"SearchAction","target":{"@type":"EntryPoint","urlTemplate":"https:\/\/proyectoverde.com.ar\/?s={search_term_string}"},"query-input":"required name=search_term_string"}],"inLanguage":"es-AR"},{"@type":"Person","@id":"https:\/\/proyectoverde.com.ar\/#\/schema\/person\/d8ca47b026f0662fca9f264b6e3d2bab","name":"Webmaster","image":{"@type":"ImageObject","inLanguage":"es-AR","@id":"https:\/\/proyectoverde.com.ar\/#\/schema\/person\/image\/","url":"https:\/\/secure.gravatar.com\/avatar\/2ce904520ddfd6f42c53302865240954?s=96&d=mm&r=g","contentUrl":"https:\/\/secure.gravatar.com\/avatar\/2ce904520ddfd6f42c53302865240954?s=96&d=mm&r=g","caption":"Webmaster"},"sameAs":["https:\/\/proyectoverde.com.ar"],"url":"https:\/\/proyectoverde.com.ar\/?author=1"}]}},"_links":{"self":[{"href":"https:\/\/proyectoverde.com.ar\/index.php?rest_route=\/wp\/v2\/posts\/1329"}],"collection":[{"href":"https:\/\/proyectoverde.com.ar\/index.php?rest_route=\/wp\/v2\/posts"}],"about":[{"href":"https:\/\/proyectoverde.com.ar\/index.php?rest_route=\/wp\/v2\/types\/post"}],"author":[{"embeddable":true,"href":"https:\/\/proyectoverde.com.ar\/index.php?rest_route=\/wp\/v2\/users\/1"}],"replies":[{"embeddable":true,"href":"https:\/\/proyectoverde.com.ar\/index.php?rest_route=%2Fwp%2Fv2%2Fcomments&post=1329"}],"version-history":[{"count":1,"href":"https:\/\/proyectoverde.com.ar\/index.php?rest_route=\/wp\/v2\/posts\/1329\/revisions"}],"predecessor-version":[{"id":1330,"href":"https:\/\/proyectoverde.com.ar\/index.php?rest_route=\/wp\/v2\/posts\/1329\/revisions\/1330"}],"wp:attachment":[{"href":"https:\/\/proyectoverde.com.ar\/index.php?rest_route=%2Fwp%2Fv2%2Fmedia&parent=1329"}],"wp:term":[{"taxonomy":"category","embeddable":true,"href":"https:\/\/proyectoverde.com.ar\/index.php?rest_route=%2Fwp%2Fv2%2Fcategories&post=1329"},{"taxonomy":"post_tag","embeddable":true,"href":"https:\/\/proyectoverde.com.ar\/index.php?rest_route=%2Fwp%2Fv2%2Ftags&post=1329"}],"curies":[{"name":"wp","href":"https:\/\/api.w.org\/{rel}","templated":true}]}}